{"id":1254,"date":"2025-02-28T18:00:00","date_gmt":"2025-02-28T15:00:00","guid":{"rendered":"https:\/\/www.petrikarkkola.fi\/blogi\/?p=1254"},"modified":"2025-02-13T22:15:35","modified_gmt":"2025-02-13T19:15:35","slug":"kirjahyllylla-asi-ayl","status":"publish","type":"post","link":"https:\/\/www.petrikarkkola.fi\/blogi\/kirjahyllylla\/kirjahyllylla-asi-ayl\/","title":{"rendered":"Kirjahyllyll\u00e4: ASI\u2013AYL"},"content":{"rendered":"\n<figure class=\"wp-block-image size-large\"><img loading=\"lazy\" decoding=\"async\" width=\"1024\" height=\"425\" src=\"https:\/\/www.petrikarkkola.fi\/blogi\/wp-content\/uploads\/2025\/02\/ASI-AYL-1024x425.jpg\" alt=\"Kuva kirjahyllyst\u00e4: Asimovista Aylettiin.\" class=\"wp-image-1255\" srcset=\"https:\/\/www.petrikarkkola.fi\/blogi\/wp-content\/uploads\/2025\/02\/ASI-AYL-1024x425.jpg 1024w, https:\/\/www.petrikarkkola.fi\/blogi\/wp-content\/uploads\/2025\/02\/ASI-AYL-300x124.jpg 300w, https:\/\/www.petrikarkkola.fi\/blogi\/wp-content\/uploads\/2025\/02\/ASI-AYL-768x318.jpg 768w, https:\/\/www.petrikarkkola.fi\/blogi\/wp-content\/uploads\/2025\/02\/ASI-AYL.jpg 1194w\" sizes=\"auto, (max-width: 1024px) 100vw, 1024px\" \/><\/figure>\n\n\n\n<p>Toisella hyllyll\u00e4 on l\u00e4hes pelk\u00e4st\u00e4\u00e4n Isaac Asimovia. Muista kirjoista pelk\u00e4st\u00e4\u00e4n Margaret Atwoodilla on t\u00e4ss\u00e4 kaksi teosta.<\/p>\n\n\n\n<p>Osaan n\u00e4kyvist\u00e4 Asimovin kirjoista liittyy tarina. Osa niist\u00e4 on h\u00e4kellytt\u00e4v\u00e4n hyv\u00e4kuntoisia niinkin vanhoiksi niteiksi. Osa n\u00e4ist\u00e4 hyv\u00e4kuntoisista niteist\u00e4 on my\u00f6s ollut melko halpoja &#8211; enk\u00e4 oikein ymm\u00e4rr\u00e4 miksi. Pari ostin savonlinnalaisesta antikvariaatista muutamalla kympill\u00e4. Vaikea uskoa, etteik\u00f6 kauppias olisi tiennyt niist\u00e4 mahdollisesti saatavaa rahaa. Ehk\u00e4 Savonlinnassa ei ollut markkinoita eik\u00e4 k\u00e4ytetyn tavaran myyj\u00e4 harrastanut nettikauppaa.<\/p>\n\n\n\n<p>Savonlinnassa taitaa olla nyt kaksi antikvariaattia. Sinne muuttaessani niit\u00e4 oli kolme ja Infon k\u00e4ytettyjen kirjojen kellari.<\/p>\n\n\n\n<p>Sittemmin lopettaneessa liikkeess\u00e4 k\u00e4vin Asimovin teoksista keskustelua sen tuoreemman yritt\u00e4j\u00e4n kanssa. H\u00e4n ei kyennyt ymm\u00e4rt\u00e4m\u00e4\u00e4n, miksi Asimovin kirjoja havitellaan ja niist\u00e4 ollaan valmiit maksamaan koviakin hintoja &#8211; niiss\u00e4 kun ei suuria kirjallisia arvoja ole.<\/p>\n\n\n\n<p>J\u00e4in v\u00e4h\u00e4n miettim\u00e4\u00e4n kyseisen yritt\u00e4j\u00e4n liiketoimintasuunnitelmaa.<\/p>\n\n\n\n<p>Ei h\u00e4n kuitenkaan ihan v\u00e4\u00e4r\u00e4ss\u00e4 ole, ja liikkeen lopettamisessa suuri rooli lienee ollut my\u00f6s sen hankalaan rakoon j\u00e4tt\u00e4neell\u00e4 keskustan alueen remontilla. Kun t\u00e4t\u00e4 hyllyllist\u00e4 katselee, niin Margaret Atwoodin ja Steve Aylettin teosten laatua &#8211; mit\u00e4 se taas tarkoittaakaan &#8211; l\u00e4helle p\u00e4\u00e4see Asimovilta korkeintaan <em>Itse jumalat<\/em>. Se taas puolestaan ei vaikuta mitenk\u00e4\u00e4n teosten historialliseen merkitt\u00e4vyyteen ja kiinnostavuuteen.<\/p>\n\n\n\n<p>Mutta tuskin kuitenkaan koskaan tulen lukemaan Asimovin my\u00f6hempi\u00e4 teoksia.<\/p>\n","protected":false},"excerpt":{"rendered":"<p>Toisella hyllyll\u00e4 on l\u00e4hes pelk\u00e4st\u00e4\u00e4n Isaac Asimovia. Muista kirjoista pelk\u00e4st\u00e4\u00e4n Margaret Atwoodilla on t\u00e4ss\u00e4 kaksi teosta. Osaan n\u00e4kyvist\u00e4 Asimovin kirjoista liittyy tarina. Osa niist\u00e4 on h\u00e4kellytt\u00e4v\u00e4n hyv\u00e4kuntoisia niinkin vanhoiksi niteiksi. Osa n\u00e4ist\u00e4 hyv\u00e4kuntoisista niteist\u00e4 on my\u00f6s ollut melko halpoja &#8211; &hellip; <a href=\"https:\/\/www.petrikarkkola.fi\/blogi\/kirjahyllylla\/kirjahyllylla-asi-ayl\/\">Lue loppuun <span class=\"meta-nav\">&rarr;<\/span><\/a><\/p>\n","protected":false},"author":1,"featured_media":0,"comment_status":"open","ping_status":"open","sticky":false,"template":"","format":"standard","meta":{"footnotes":""},"categories":[977],"tags":[1009,1004,1005,1006,1007,1008],"class_list":["post-1254","post","type-post","status-publish","format-standard","hentry","category-kirjahyllylla","tag-atomi","tag-isaac-asimov","tag-margaret-atwood","tag-orjattaresi","tag-oryx-ja-crake","tag-steve-aylett"],"_links":{"self":[{"href":"https:\/\/www.petrikarkkola.fi\/blogi\/wp-json\/wp\/v2\/posts\/1254","targetHints":{"allow":["GET"]}}],"collection":[{"href":"https:\/\/www.petrikarkkola.fi\/blogi\/wp-json\/wp\/v2\/posts"}],"about":[{"href":"https:\/\/www.petrikarkkola.fi\/blogi\/wp-json\/wp\/v2\/types\/post"}],"author":[{"embeddable":true,"href":"https:\/\/www.petrikarkkola.fi\/blogi\/wp-json\/wp\/v2\/users\/1"}],"replies":[{"embeddable":true,"href":"https:\/\/www.petrikarkkola.fi\/blogi\/wp-json\/wp\/v2\/comments?post=1254"}],"version-history":[{"count":1,"href":"https:\/\/www.petrikarkkola.fi\/blogi\/wp-json\/wp\/v2\/posts\/1254\/revisions"}],"predecessor-version":[{"id":1256,"href":"https:\/\/www.petrikarkkola.fi\/blogi\/wp-json\/wp\/v2\/posts\/1254\/revisions\/1256"}],"wp:attachment":[{"href":"https:\/\/www.petrikarkkola.fi\/blogi\/wp-json\/wp\/v2\/media?parent=1254"}],"wp:term":[{"taxonomy":"category","embeddable":true,"href":"https:\/\/www.petrikarkkola.fi\/blogi\/wp-json\/wp\/v2\/categories?post=1254"},{"taxonomy":"post_tag","embeddable":true,"href":"https:\/\/www.petrikarkkola.fi\/blogi\/wp-json\/wp\/v2\/tags?post=1254"}],"curies":[{"name":"wp","href":"https:\/\/api.w.org\/{rel}","templated":true}]}}