{"id":1257,"date":"2025-02-21T18:00:00","date_gmt":"2025-02-21T15:00:00","guid":{"rendered":"https:\/\/www.petrikarkkola.fi\/blogi\/?p=1257"},"modified":"2025-02-17T21:05:54","modified_gmt":"2025-02-17T18:05:54","slug":"keltainen-kirjasto-297-mr-vertigo","status":"publish","type":"post","link":"https:\/\/www.petrikarkkola.fi\/blogi\/keltainen-kirjasto\/keltainen-kirjasto-297-mr-vertigo\/","title":{"rendered":"Keltainen kirjasto #297: Mr Vertigo"},"content":{"rendered":"\n<p>Jos tarina l\u00e4htee siit\u00e4, ett\u00e4 salaper\u00e4inen muukalainen aikoo opettaa p\u00e4\u00e4henkil\u00f6n k\u00e4velem\u00e4\u00e4n ilmassa, suhtaudun l\u00e4ht\u00f6kohtaisesti my\u00f6nteisesti.<\/p>\n\n\n\n<p>Paul Austerin romaanissa <em>Mr Vertigo<\/em> tuntuu olevan aluksi jotakin todella amerikkalaista. P\u00e4\u00e4henkil\u00f6, nuori valkoinen poika Walt el\u00e4\u00e4 intiaaninaisen, mustan nuorukaisen ja h\u00e4net ohjattavakseen ottaneen unkarinjuutalaisen Yehudin kanssa. Kaksi viimeksi mainittua joutuvat l\u00e4htem\u00e4\u00e4n tien p\u00e4\u00e4lle Ku Klux -klaanin murhattua muut.<\/p>\n\n\n\n<p>Walt oppii k\u00e4velem\u00e4\u00e4n ilmassa. H\u00e4n kiert\u00e4\u00e4 markkinoita Yehudin kanssa, ja he kulkevat kohti suurinta esityst\u00e4\u00e4n ja menestyst\u00e4 &#8211; eiv\u00e4tk\u00e4 tietenk\u00e4\u00e4n vailla vastoink\u00e4ymisi\u00e4.<\/p>\n\n\n\n<p>Mr Vertigon tarinassa valloittavinta on se, ett\u00e4 ilmeisen fantastinen elementti &#8211; ilmassa k\u00e4veleminen &#8211; on vain osa tarinaa ja pelkk\u00e4 muisto sen puoliv\u00e4lin j\u00e4lkeen. El\u00e4m\u00e4\u00e4nh\u00e4n mahtuu muutakin, ja parempi niin, kun suuret suunnitelmat eiv\u00e4t toteutuneetkaan. Walt hakee kostoa kulkurina, p\u00e4tev\u00f6ityy gangsterina ja p\u00e4rj\u00e4\u00e4 laillisessakin liiketoiminnassa. Viimeiset vuosikymmenet k\u00e4yd\u00e4\u00e4n l\u00e4pi muutamassa sivusssa.<\/p>\n\n\n\n<p>Lopulta ei ole niin v\u00e4li\u00e4, k\u00e4velik\u00f6 h\u00e4n ilmassa vai. Se on menneisyytt\u00e4 niin kuin jollakulla toisella harrastus tai yritys, joka ei johtanutkaan menestykseen.<\/p>\n\n\n\n<p>Onko juuri se sit\u00e4 amerikkalaisuutta?<\/p>\n","protected":false},"excerpt":{"rendered":"<p>Jos tarina l\u00e4htee siit\u00e4, ett\u00e4 salaper\u00e4inen muukalainen aikoo opettaa p\u00e4\u00e4henkil\u00f6n k\u00e4velem\u00e4\u00e4n ilmassa, suhtaudun l\u00e4ht\u00f6kohtaisesti my\u00f6nteisesti. Paul Austerin romaanissa Mr Vertigo tuntuu olevan aluksi jotakin todella amerikkalaista. P\u00e4\u00e4henkil\u00f6, nuori valkoinen poika Walt el\u00e4\u00e4 intiaaninaisen, mustan nuorukaisen ja h\u00e4net ohjattavakseen ottaneen unkarinjuutalaisen &hellip; <a href=\"https:\/\/www.petrikarkkola.fi\/blogi\/keltainen-kirjasto\/keltainen-kirjasto-297-mr-vertigo\/\">Lue loppuun <span class=\"meta-nav\">&rarr;<\/span><\/a><\/p>\n","protected":false},"author":1,"featured_media":0,"comment_status":"open","ping_status":"open","sticky":false,"template":"","format":"standard","meta":{"footnotes":""},"categories":[4],"tags":[6,1010,906],"class_list":["post-1257","post","type-post","status-publish","format-standard","hentry","category-keltainen-kirjasto","tag-keltainen-kirjasto","tag-mr-vertigo","tag-paul-auster"],"_links":{"self":[{"href":"https:\/\/www.petrikarkkola.fi\/blogi\/wp-json\/wp\/v2\/posts\/1257","targetHints":{"allow":["GET"]}}],"collection":[{"href":"https:\/\/www.petrikarkkola.fi\/blogi\/wp-json\/wp\/v2\/posts"}],"about":[{"href":"https:\/\/www.petrikarkkola.fi\/blogi\/wp-json\/wp\/v2\/types\/post"}],"author":[{"embeddable":true,"href":"https:\/\/www.petrikarkkola.fi\/blogi\/wp-json\/wp\/v2\/users\/1"}],"replies":[{"embeddable":true,"href":"https:\/\/www.petrikarkkola.fi\/blogi\/wp-json\/wp\/v2\/comments?post=1257"}],"version-history":[{"count":1,"href":"https:\/\/www.petrikarkkola.fi\/blogi\/wp-json\/wp\/v2\/posts\/1257\/revisions"}],"predecessor-version":[{"id":1258,"href":"https:\/\/www.petrikarkkola.fi\/blogi\/wp-json\/wp\/v2\/posts\/1257\/revisions\/1258"}],"wp:attachment":[{"href":"https:\/\/www.petrikarkkola.fi\/blogi\/wp-json\/wp\/v2\/media?parent=1257"}],"wp:term":[{"taxonomy":"category","embeddable":true,"href":"https:\/\/www.petrikarkkola.fi\/blogi\/wp-json\/wp\/v2\/categories?post=1257"},{"taxonomy":"post_tag","embeddable":true,"href":"https:\/\/www.petrikarkkola.fi\/blogi\/wp-json\/wp\/v2\/tags?post=1257"}],"curies":[{"name":"wp","href":"https:\/\/api.w.org\/{rel}","templated":true}]}}