{"id":1390,"date":"2025-12-26T18:00:00","date_gmt":"2025-12-26T15:00:00","guid":{"rendered":"https:\/\/www.petrikarkkola.fi\/blogi\/?p=1390"},"modified":"2025-12-07T14:30:09","modified_gmt":"2025-12-07T11:30:09","slug":"ilon-ja-surun-kirjastojen-vuosi-2025-ja-2026-seka-2033-ja-2036","status":"publish","type":"post","link":"https:\/\/www.petrikarkkola.fi\/blogi\/ilmoitukset\/ilon-ja-surun-kirjastojen-vuosi-2025-ja-2026-seka-2033-ja-2036\/","title":{"rendered":"Ilon ja surun kirjastojen vuosi 2025 ja 2026 sek\u00e4 2033 ja 2036"},"content":{"rendered":"\n<p>Vuosi 2024 oli blogin yhdeks\u00e4s vuosi. H\u00e4kellytt\u00e4v\u00e4\u00e4. En tied\u00e4, onko h\u00e4kellytt\u00e4v\u00e4mp\u00e4\u00e4 se, ett\u00e4 blogi selvisi ensimm\u00e4isest\u00e4 parista vuodesta &#8211; luulisi ett\u00e4 t\u00e4m\u00e4n j\u00e4lkeen alkuinnostus useimmiten on k\u00e4ytetty &#8211; vai ett\u00e4 tasaista tahtia on menty jo yhdeks\u00e4n vuotta. T\u00e4m\u00e4 kirjoitus on siis 463. merkint\u00e4.<\/p>\n\n\n\n<p>Kuinka kauan viel\u00e4 kest\u00e4\u00e4, ennen kuin saavutan Keltaisen kirjaston lukemisessa juuri ilmestyv\u00e4t teokset?<\/p>\n\n\n\n<p>T\u00e4t\u00e4 kirjoittaessa olen lukenut teoksen 323 ja t\u00e4m\u00e4n ilmestyess\u00e4 varmaankin pari lis\u00e4\u00e4. Oletetaan, ett\u00e4 vuoden merkinn\u00f6ist\u00e4 kaksi kolmasosaa koskee jotakin Keltaisen kirjaston teosta. Se tarkoittaa noin kolmeakymment\u00e4 keltaista kirjaa vuodessa. T\u00e4t\u00e4 kirjoittaessa niit\u00e4 on ilmestynyt 561, mik\u00e4li <a href=\"https:\/\/kirja.fi\/pages\/keltainen-kirjaston-kirjaluettelo\" target=\"_blank\" rel=\"noreferrer noopener\">kirjakauppanettisivun k\u00e4tk\u00f6ist\u00e4 l\u00f6ytyv\u00e4 listaus<\/a> on ajantasainen.<\/p>\n\n\n\n<p>(Sivuhuomio: Ei varmistakaan <a href=\"https:\/\/www.petrikarkkola.fi\/blogi\/ilmoitukset\/heinakuussa-hiljenee\/\" data-type=\"post\" data-id=\"1314\" target=\"_blank\" rel=\"noreferrer noopener\">minun murheeni<\/a> ansiosta mutta yht\u00e4 kaikki Tammi pit\u00e4\u00e4 taas yll\u00e4 Keltaisen kirjaston listauksta. Vanha nettiosoite ohjaa kirjakaupan Keltaisen kirjaston osioon. Hyv\u00e4 n\u00e4inkin.)<\/p>\n\n\n\n<p>Jos jatkan teoksesta 323 ja oleteaan, ett\u00e4 en ole lukenut merkitt\u00e4v\u00e4\u00e4 m\u00e4\u00e4r\u00e4\u00e4 tulevia osia ennakkoon, numero 561 on luettu noin kahdeksan vuoden kuluttua eli loppuvuodesta 2033. Ei ole mit\u00e4\u00e4n syyt\u00e4 olettaa, etteik\u00f6 Keltainen kirjasto jatkaisi ilmestymist\u00e4 noina vuosina. Olettamalla kymmenen kirjan vuositahdin saadaan siis 80 kirjaa lis\u00e4\u00e4 luettavaksi matkalla tuoreimpaan. Jos n\u00e4it\u00e4 lukee saman noin 30 vuodessa, luku-urakka on reaaliajassa joskus 2036.<\/p>\n\n\n\n<p>Niin kauas on toki vaikea ennakoida, mutta jatkui urakkani sinne saakka tai ei, sill\u00e4 ei ole kovin suurta merkityst\u00e4 Kaikkeahan voi matkan varrella sattua, enk\u00e4 voi olla huomaamatta, ett\u00e4 tuonne menness\u00e4 ehtii tulla t\u00e4yteen 50 ik\u00e4vuotta. Voiko siin\u00e4 olla liikaa Keltaista kirjastoa muun lukemisen kustannuksella?<\/p>\n\n\n\n<p>Syyst\u00e4 tai toisesta vuosi 2025 ei ollut blogin helpoimpia. Julkaisutahti s\u00e4ilyi, mutta s\u00e4ilyik\u00f6 luku- ja kirjoittamistahti? Osa merkinn\u00f6ist\u00e4 oli tunteja tai pari p\u00e4iv\u00e4\u00e4 my\u00f6h\u00e4ss\u00e4, ja v\u00e4lill\u00e4 joutui ammentamaan my\u00f6s h\u00e4t\u00e4varastoista, kun suunniteltu tahti, jossa kahta merkint\u00e4\u00e4 Keltaisesta kirjastosta seurasi <a href=\"https:\/\/www.petrikarkkola.fi\/blogi\/category\/kirjahyllylla\/\" data-type=\"category\" data-id=\"977\" target=\"_blank\" rel=\"noreferrer noopener\">Kirjahyllyll\u00e4<\/a> -sarjan merkint\u00e4, ei aina toteutunutkaan. En tied\u00e4, kuinka paljon se johtui muun el\u00e4m\u00e4n kiireist\u00e4 ja kuinka paljon joistakin kovin pitkist\u00e4 keltaisista kirjoista. Er\u00e4\u00e4n massiivisen teoksen blogimerkint\u00e4 oli ilmestynyt toista kuukautta ennen kuin sain sen oikeasti luettua loppuun. Toisaalta loppukilometrit eiv\u00e4t muuttaneet vaikutelmiani.<\/p>\n\n\n\n<p>Kohti vuotta 2026 ja blogin kymmenett\u00e4 vuotta: suurin toiveeni on, ett\u00e4 saisin vuonna 2026 luettua ja kirjoitettua v\u00e4h\u00e4n puskuria &#8211; huolestuminen perjantain iltakuuden l\u00e4hestymisest\u00e4 ei paranna lukukokemusta.<\/p>\n","protected":false},"excerpt":{"rendered":"<p>Vuosi 2024 oli blogin yhdeks\u00e4s vuosi. H\u00e4kellytt\u00e4v\u00e4\u00e4. En tied\u00e4, onko h\u00e4kellytt\u00e4v\u00e4mp\u00e4\u00e4 se, ett\u00e4 blogi selvisi ensimm\u00e4isest\u00e4 parista vuodesta &#8211; luulisi ett\u00e4 t\u00e4m\u00e4n j\u00e4lkeen alkuinnostus useimmiten on k\u00e4ytetty &#8211; vai ett\u00e4 tasaista tahtia on menty jo yhdeks\u00e4n vuotta. T\u00e4m\u00e4 kirjoitus on &hellip; <a href=\"https:\/\/www.petrikarkkola.fi\/blogi\/ilmoitukset\/ilon-ja-surun-kirjastojen-vuosi-2025-ja-2026-seka-2033-ja-2036\/\">Lue loppuun <span class=\"meta-nav\">&rarr;<\/span><\/a><\/p>\n","protected":false},"author":1,"featured_media":0,"comment_status":"open","ping_status":"open","sticky":false,"template":"","format":"standard","meta":{"footnotes":""},"categories":[3],"tags":[6],"class_list":["post-1390","post","type-post","status-publish","format-standard","hentry","category-ilmoitukset","tag-keltainen-kirjasto"],"_links":{"self":[{"href":"https:\/\/www.petrikarkkola.fi\/blogi\/wp-json\/wp\/v2\/posts\/1390","targetHints":{"allow":["GET"]}}],"collection":[{"href":"https:\/\/www.petrikarkkola.fi\/blogi\/wp-json\/wp\/v2\/posts"}],"about":[{"href":"https:\/\/www.petrikarkkola.fi\/blogi\/wp-json\/wp\/v2\/types\/post"}],"author":[{"embeddable":true,"href":"https:\/\/www.petrikarkkola.fi\/blogi\/wp-json\/wp\/v2\/users\/1"}],"replies":[{"embeddable":true,"href":"https:\/\/www.petrikarkkola.fi\/blogi\/wp-json\/wp\/v2\/comments?post=1390"}],"version-history":[{"count":1,"href":"https:\/\/www.petrikarkkola.fi\/blogi\/wp-json\/wp\/v2\/posts\/1390\/revisions"}],"predecessor-version":[{"id":1391,"href":"https:\/\/www.petrikarkkola.fi\/blogi\/wp-json\/wp\/v2\/posts\/1390\/revisions\/1391"}],"wp:attachment":[{"href":"https:\/\/www.petrikarkkola.fi\/blogi\/wp-json\/wp\/v2\/media?parent=1390"}],"wp:term":[{"taxonomy":"category","embeddable":true,"href":"https:\/\/www.petrikarkkola.fi\/blogi\/wp-json\/wp\/v2\/categories?post=1390"},{"taxonomy":"post_tag","embeddable":true,"href":"https:\/\/www.petrikarkkola.fi\/blogi\/wp-json\/wp\/v2\/tags?post=1390"}],"curies":[{"name":"wp","href":"https:\/\/api.w.org\/{rel}","templated":true}]}}