{"id":1397,"date":"2026-01-09T18:00:00","date_gmt":"2026-01-09T15:00:00","guid":{"rendered":"https:\/\/www.petrikarkkola.fi\/blogi\/?p=1397"},"modified":"2025-12-29T21:35:36","modified_gmt":"2025-12-29T18:35:36","slug":"keltainen-kirjasto-324-medeia","status":"publish","type":"post","link":"https:\/\/www.petrikarkkola.fi\/blogi\/keltainen-kirjasto\/keltainen-kirjasto-324-medeia\/","title":{"rendered":"Keltainen kirjasto #324: Medeia"},"content":{"rendered":"\n<p>Ymm\u00e4rt\u00e4\u00e4kseen todella Christa Wolfin <em>Medeia<\/em>-romaani &#8211; alaotsikoltaan &#8221;Kertomus kuudelle \u00e4\u00e4nelle&#8221; &#8211; pit\u00e4isi varmaan lukea my\u00f6s Euripideen Medeia-n\u00e4ytelm\u00e4 tai antiikin tarustoa, johon se perustuu.<\/p>\n\n\n\n<p>T\u00e4ll\u00e4 en tarkoita sit\u00e4, ett\u00e4 Wolfin <em>Medeian<\/em> tarina ei riitt\u00e4isi t\u00e4llaisena. Se on kokonainen alkuineen, loppuineen ja konflikteineen siin\u00e4 v\u00e4liss\u00e4. Samaan aikaan se on kuitenkin jo silkalla olemassaolollaan kutsu intertekstuaaliseen tarkasteluun. Kuinka Wolfin <em>Medeian<\/em> tarina eroaa Euripideen n\u00e4ytelm\u00e4n tarinoista ja antiikin legendoista, joista n\u00e4ytelm\u00e4kin eroaa?<\/p>\n\n\n\n<p>Alaotsikko &#8221;Kertomus kuudelle \u00e4\u00e4nelle&#8221; lienee vihje. Tarina tosiaan antaa \u00e4\u00e4nen kertojille &#8211; paitsi Medeialle itselleen niin my\u00f6s h\u00e4nen miehelleen Jasonille ja nelj\u00e4lle muulle hahmolle. T\u00e4ss\u00e4 ei ole kaikkitiet\u00e4v\u00e4\u00e4 kertojaa eik\u00e4 khorosta yksi\u00e4\u00e4nisesti kuvaamassa tapahtumia &#8211; mutta ei my\u00f6sk\u00e4\u00e4n yht\u00e4 hahmoa antamassa vain oman n\u00e4k\u00f6kulmansa.<\/p>\n\n\n\n<p>N\u00e4in Wolfin <em>Medeiasta <\/em>tulee aika tasapainoinen kertomus, vaikka se on sarja osittain p\u00e4\u00e4llekk\u00e4in lomittuvia kertomuksia. Siit\u00e4 ei tule vainotun &#8211; tai ehk\u00e4 syyllisenkin, ken tiet\u00e4\u00e4, &#8211; Medeian puolustuspuhe. Se ei ole my\u00f6sk\u00e4\u00e4n h\u00e4nen hahmonsa teilaus, vaikka rinnakkaiset \u00e4\u00e4net tekev\u00e4t omiakin n\u00e4k\u00f6kulmiaan ymm\u00e4rrett\u00e4viksi.<\/p>\n\n\n\n<p>Olisinpa lukenut muitakin medeioita, ne ovat osa t\u00e4t\u00e4kin tarinaa.<\/p>\n","protected":false},"excerpt":{"rendered":"<p>Ymm\u00e4rt\u00e4\u00e4kseen todella Christa Wolfin Medeia-romaani &#8211; alaotsikoltaan &#8221;Kertomus kuudelle \u00e4\u00e4nelle&#8221; &#8211; pit\u00e4isi varmaan lukea my\u00f6s Euripideen Medeia-n\u00e4ytelm\u00e4 tai antiikin tarustoa, johon se perustuu. T\u00e4ll\u00e4 en tarkoita sit\u00e4, ett\u00e4 Wolfin Medeian tarina ei riitt\u00e4isi t\u00e4llaisena. Se on kokonainen alkuineen, loppuineen ja &hellip; <a href=\"https:\/\/www.petrikarkkola.fi\/blogi\/keltainen-kirjasto\/keltainen-kirjasto-324-medeia\/\">Lue loppuun <span class=\"meta-nav\">&rarr;<\/span><\/a><\/p>\n","protected":false},"author":1,"featured_media":0,"comment_status":"open","ping_status":"open","sticky":false,"template":"","format":"standard","meta":{"footnotes":""},"categories":[4],"tags":[1149,1150,1151,6,1148],"class_list":["post-1397","post","type-post","status-publish","format-standard","hentry","category-keltainen-kirjasto","tag-christa-wolf","tag-euripides","tag-intertekstuaalisuus","tag-keltainen-kirjasto","tag-medeia"],"_links":{"self":[{"href":"https:\/\/www.petrikarkkola.fi\/blogi\/wp-json\/wp\/v2\/posts\/1397","targetHints":{"allow":["GET"]}}],"collection":[{"href":"https:\/\/www.petrikarkkola.fi\/blogi\/wp-json\/wp\/v2\/posts"}],"about":[{"href":"https:\/\/www.petrikarkkola.fi\/blogi\/wp-json\/wp\/v2\/types\/post"}],"author":[{"embeddable":true,"href":"https:\/\/www.petrikarkkola.fi\/blogi\/wp-json\/wp\/v2\/users\/1"}],"replies":[{"embeddable":true,"href":"https:\/\/www.petrikarkkola.fi\/blogi\/wp-json\/wp\/v2\/comments?post=1397"}],"version-history":[{"count":1,"href":"https:\/\/www.petrikarkkola.fi\/blogi\/wp-json\/wp\/v2\/posts\/1397\/revisions"}],"predecessor-version":[{"id":1398,"href":"https:\/\/www.petrikarkkola.fi\/blogi\/wp-json\/wp\/v2\/posts\/1397\/revisions\/1398"}],"wp:attachment":[{"href":"https:\/\/www.petrikarkkola.fi\/blogi\/wp-json\/wp\/v2\/media?parent=1397"}],"wp:term":[{"taxonomy":"category","embeddable":true,"href":"https:\/\/www.petrikarkkola.fi\/blogi\/wp-json\/wp\/v2\/categories?post=1397"},{"taxonomy":"post_tag","embeddable":true,"href":"https:\/\/www.petrikarkkola.fi\/blogi\/wp-json\/wp\/v2\/tags?post=1397"}],"curies":[{"name":"wp","href":"https:\/\/api.w.org\/{rel}","templated":true}]}}