{"id":187,"date":"2017-12-01T18:00:47","date_gmt":"2017-12-01T16:00:47","guid":{"rendered":"http:\/\/www.petrikarkkola.fi\/blogi\/?p=187"},"modified":"2017-10-08T15:30:52","modified_gmt":"2017-10-08T13:30:52","slug":"keltainen-kirjasto-63-labyrintissa","status":"publish","type":"post","link":"https:\/\/www.petrikarkkola.fi\/blogi\/keltainen-kirjasto\/keltainen-kirjasto-63-labyrintissa\/","title":{"rendered":"Keltainen kirjasto #63: Labyrintissa"},"content":{"rendered":"<p>Keltaisen kirjaston <a href=\"http:\/\/www.petrikarkkola.fi\/blogi\/keltainen-kirjasto\/sodan-jalkia-keltaisen-kirjaston-kaytavilla\/\" target=\"_blank\" rel=\"noopener noreferrer\">sota<\/a> jatkuu. Alain Robbe-Grillet&#8217;n romaanissa sotilas kulkee &#8211; kai &#8211; kaupungissa kohti h\u00e4m\u00e4r\u00e4\u00e4 m\u00e4\u00e4r\u00e4np\u00e4\u00e4t\u00e4\u00e4n lukijalle vasta v\u00e4hitellen selkenevin tavoittein. Esipuhe tuntuu kielt\u00e4v\u00e4n symboliset tulkinnat, vaikka sen alussa tunnustetaan ettei teoksessa mainittua taistelua koskaan k\u00e4yty, ja vaikka esipuheen loppu tuntuu ainakin t\u00e4st\u00e4 lukijasta hyvin h\u00e4m\u00e4r\u00e4lt\u00e4.<\/p>\n<blockquote><p>&#8221;T\u00e4ss\u00e4 on kuitenkin kysymys t\u00e4ysin materiaalisesta todellisuudesta, toisin sanoen se ei tavoittele mit\u00e4\u00e4n vertauskuvallista arvoa. On siis toivottavaa, ett\u00e4 lukija ei n\u00e4kisi kerrotussa kuin esineit\u00e4, eleit\u00e4 ja sanoja, tapahtumia, yritt\u00e4m\u00e4tt\u00e4 antaa niille sen suurempaa tai pienemp\u00e4\u00e4 merkityst\u00e4 kuin omassa el\u00e4m\u00e4ss\u00e4\u00e4n tai omassa kuolemassaan.&#8221;<\/p><\/blockquote>\n<p>Tarinoillahan on aina merkityksens\u00e4, lopulta viimeist\u00e4\u00e4n lukijan asettamina. Siin\u00e4 mieless\u00e4 kaikki tarinat symboloivat jotain lukijalleen, vaikka varsinainen symbolismi olisi tekij\u00e4n aikeista kaukana.<\/p>\n<p>Mit\u00e4 pit\u00e4isi ajatella ei-symbolisesta tarinasta, jonka p\u00e4\u00e4henkil\u00f6 kulkee katkonaisesti m\u00e4\u00e4r\u00e4p\u00e4\u00e4h\u00e4ns\u00e4, kun tietyt tapahtumat &#8211; ainakin niiden muoto &#8211; toistuvat matkan varrella? V\u00e4itt\u00e4isin, ett\u00e4 jos tarinaan ei pysty rakentamaan mit\u00e4\u00e4n tasoa kuvauksen p\u00e4\u00e4lle, ei ole lukenut oikeastaan mist\u00e4\u00e4n kertovaa tarinaa. Jossain mieless\u00e4 tarina muistuttaa <a href=\"http:\/\/www.petrikarkkola.fi\/blogi\/keltainen-kirjasto\/keltainen-kirjasto-52-ovien-ulkopuolella\/\" target=\"_blank\" rel=\"noopener noreferrer\">Borchertin ovien ulkopuolelle j\u00e4\u00e4v\u00e4\u00e4 sodan k\u00e4ytt\u00f6kelvottomaksi tekem\u00e4\u00e4 sotilasta.<\/a> Siin\u00e4 teoksessa ovat kuitenkin olivat my\u00f6s konkreettisia, Robbe-Grillet sen sijaan ei kirjoita kouriintuntuvaa labyrinttia minnek\u00e4\u00e4n.<\/p>\n<p>Periaatteessa kyseess\u00e4 on siis tarina miehest\u00e4, joka kulkee laatikkoa kantaen eteenp\u00e4in kohdaten kerta toisensa j\u00e4lkeen pojan. K\u00e4yt\u00e4nn\u00f6ss\u00e4 ep\u00e4ilen, ett\u00e4 t\u00e4m\u00e4 on tarina my\u00f6s jostain muusta.<\/p>\n<p>&nbsp;<\/p>\n","protected":false},"excerpt":{"rendered":"<p>Keltaisen kirjaston sota jatkuu. Alain Robbe-Grillet&#8217;n romaanissa sotilas kulkee &#8211; kai &#8211; kaupungissa kohti h\u00e4m\u00e4r\u00e4\u00e4 m\u00e4\u00e4r\u00e4np\u00e4\u00e4t\u00e4\u00e4n lukijalle vasta v\u00e4hitellen selkenevin tavoittein. Esipuhe tuntuu kielt\u00e4v\u00e4n symboliset tulkinnat, vaikka sen alussa tunnustetaan ettei teoksessa mainittua taistelua koskaan k\u00e4yty, ja vaikka esipuheen loppu &hellip; <a href=\"https:\/\/www.petrikarkkola.fi\/blogi\/keltainen-kirjasto\/keltainen-kirjasto-63-labyrintissa\/\">Lue loppuun <span class=\"meta-nav\">&rarr;<\/span><\/a><\/p>\n","protected":false},"author":1,"featured_media":0,"comment_status":"open","ping_status":"open","sticky":false,"template":"","format":"standard","meta":{"footnotes":""},"categories":[4],"tags":[187,6,188,124],"class_list":["post-187","post","type-post","status-publish","format-standard","hentry","category-keltainen-kirjasto","tag-alain-robbe-grillet","tag-keltainen-kirjasto","tag-labyrintissa","tag-sota"],"_links":{"self":[{"href":"https:\/\/www.petrikarkkola.fi\/blogi\/wp-json\/wp\/v2\/posts\/187","targetHints":{"allow":["GET"]}}],"collection":[{"href":"https:\/\/www.petrikarkkola.fi\/blogi\/wp-json\/wp\/v2\/posts"}],"about":[{"href":"https:\/\/www.petrikarkkola.fi\/blogi\/wp-json\/wp\/v2\/types\/post"}],"author":[{"embeddable":true,"href":"https:\/\/www.petrikarkkola.fi\/blogi\/wp-json\/wp\/v2\/users\/1"}],"replies":[{"embeddable":true,"href":"https:\/\/www.petrikarkkola.fi\/blogi\/wp-json\/wp\/v2\/comments?post=187"}],"version-history":[{"count":2,"href":"https:\/\/www.petrikarkkola.fi\/blogi\/wp-json\/wp\/v2\/posts\/187\/revisions"}],"predecessor-version":[{"id":192,"href":"https:\/\/www.petrikarkkola.fi\/blogi\/wp-json\/wp\/v2\/posts\/187\/revisions\/192"}],"wp:attachment":[{"href":"https:\/\/www.petrikarkkola.fi\/blogi\/wp-json\/wp\/v2\/media?parent=187"}],"wp:term":[{"taxonomy":"category","embeddable":true,"href":"https:\/\/www.petrikarkkola.fi\/blogi\/wp-json\/wp\/v2\/categories?post=187"},{"taxonomy":"post_tag","embeddable":true,"href":"https:\/\/www.petrikarkkola.fi\/blogi\/wp-json\/wp\/v2\/tags?post=187"}],"curies":[{"name":"wp","href":"https:\/\/api.w.org\/{rel}","templated":true}]}}