{"id":868,"date":"2022-07-29T18:00:00","date_gmt":"2022-07-29T15:00:00","guid":{"rendered":"https:\/\/www.petrikarkkola.fi\/blogi\/?p=868"},"modified":"2022-04-10T19:41:13","modified_gmt":"2022-04-10T16:41:13","slug":"liu-kuolema-on-ikuinen","status":"publish","type":"post","link":"https:\/\/www.petrikarkkola.fi\/blogi\/tieteiskirjallisuus\/liu-kuolema-on-ikuinen\/","title":{"rendered":"Liu: Kuolema on ikuinen"},"content":{"rendered":"\n<p>Sananen kirjan nimest\u00e4. &#8221;Kuolema on ikuinen&#8221; on jonkin James Bond -elokuvan otsikko, eik\u00f6 vain? Englanniksi alkuteoksen nimen ilmoitetaan olevan &#8221;Death&#8217;s End&#8221;. Sananmukainen k\u00e4\u00e4nn\u00f6s olisi varmaankin &#8221;kuoleman loppu&#8221;. Eiv\u00e4tk\u00f6 n\u00e4m\u00e4 anna tulevalle tarinalle v\u00e4h\u00e4n erilaiset alkutahdit?<\/p>\n\n\n\n<p>Trilogian <a rel=\"noreferrer noopener\" href=\"https:\/\/www.petrikarkkola.fi\/blogi\/?p=846\" target=\"_blank\">edellinen eli keskimm\u00e4inen osa<\/a> oli mielest\u00e4ni v\u00e4h\u00e4n ep\u00e4onnistuneestikin tarinoita yksitt\u00e4isist\u00e4 ihmisist\u00e4 ja heid\u00e4n sis\u00e4isist\u00e4 maailmoistaan koko ihmiskunnan tuhoutumisen uhan \u00e4\u00e4rell\u00e4. K\u00e4sill\u00e4 oleva viimeinen osa fokusoi tarinaa uudestaan: siin\u00e4 keskityt\u00e4\u00e4n yhteen henkil\u00f6\u00f6n, milj\u00f6\u00f6n\u00e4 on aluksi ihmiskunnan etenev\u00e4 sukupuutto, kun sen ja vieraan sivilisaation molemminpuolison tuhoutumisen uhka pienenee p\u00e4\u00e4henkil\u00f6 Xinin toimien tai oikeastaan toimimattomuuden vuoksi.<\/p>\n\n\n\n<p>Niin h\u00e4kellytt\u00e4v\u00e4\u00e4 kuin se onkin, ihmiskunnan sukupuuton uhka, sen k\u00e4ynnistyminen ja sitten peruuntuminen ovat kuitenkin vain pieni osa tarinan laajuutta. T\u00e4m\u00e4n romaanin tarina ulottuu l\u00e4helle koko maailmankaikkeuden ja kaiken el\u00e4m\u00e4n loppua, ja kielt\u00e4m\u00e4tt\u00e4 saa miettim\u00e4\u00e4n asioiden merkityksen ja \u00e4\u00e4rellisyyden suhdetta toisiinsa. Hassua, ett\u00e4 nyt ensimm\u00e4isen osan kiehtovien ideoiden t\u00e4ytt\u00e4m\u00e4 tarina muuttuukin vain yhdeksi erityistapaukseksi &#8211; yhdeksi muunnelmaksi &#8211; maailmankaikkeuden koko historian ja laajuuden k\u00e4sitt\u00e4v\u00e4ss\u00e4 sivilisaatioiden selviytymistaistelujen kirjossa.<\/p>\n\n\n\n<p>Silti mittakaava on pieni Olaf Stapledonin <em>Viimeiset ja ensimm\u00e4iset <\/em>-romaaniin verrattuna.<\/p>\n\n\n\n<p>Palataan viel\u00e4 Liun kirjan nimeen. Kyll\u00e4 vain, t\u00e4m\u00e4n <em>Muistoja planeetta Maasta<\/em> -trilogian maailmankaikkeuden lopussa kaikki kuolee. Mutta mik\u00e4\u00e4n ei viittaa siihen, ett\u00e4 kuolema olisi v\u00e4ltt\u00e4m\u00e4tt\u00e4 ikuinen. Jos t\u00e4ll\u00e4 maailmankaikkeudella on tarpeeksi massaa, kaikki voi alkaa alusta. Sek\u00e4\u00e4n ei ole kuoleman loppu, kaiken kuolemisen lopullisuus on ainakin hetkeksi v\u00e4ltetty. Nyt k\u00e4\u00e4nn\u00f6ksen otsikko ei oikein kohtaa tarinan loppupuolen hienovaraista toiveikkuutta.<\/p>\n","protected":false},"excerpt":{"rendered":"<p>Sananen kirjan nimest\u00e4. &#8221;Kuolema on ikuinen&#8221; on jonkin James Bond -elokuvan otsikko, eik\u00f6 vain? Englanniksi alkuteoksen nimen ilmoitetaan olevan &#8221;Death&#8217;s End&#8221;. Sananmukainen k\u00e4\u00e4nn\u00f6s olisi varmaankin &#8221;kuoleman loppu&#8221;. Eiv\u00e4tk\u00f6 n\u00e4m\u00e4 anna tulevalle tarinalle v\u00e4h\u00e4n erilaiset alkutahdit? Trilogian edellinen eli keskimm\u00e4inen osa &hellip; <a href=\"https:\/\/www.petrikarkkola.fi\/blogi\/tieteiskirjallisuus\/liu-kuolema-on-ikuinen\/\">Lue loppuun <span class=\"meta-nav\">&rarr;<\/span><\/a><\/p>\n","protected":false},"author":1,"featured_media":0,"comment_status":"open","ping_status":"open","sticky":false,"template":"","format":"standard","meta":{"footnotes":""},"categories":[22],"tags":[688,690,703,689,691,692,25],"class_list":["post-868","post","type-post","status-publish","format-standard","hentry","category-tieteiskirjallisuus","tag-cixin-liu","tag-kolmen-kappaleen-probleema","tag-kuolema-on-ikuinen","tag-liu-cixin","tag-muistoja-planeetta-maasta","tag-synkka-metsa","tag-tieteiskirjallisuus"],"_links":{"self":[{"href":"https:\/\/www.petrikarkkola.fi\/blogi\/wp-json\/wp\/v2\/posts\/868","targetHints":{"allow":["GET"]}}],"collection":[{"href":"https:\/\/www.petrikarkkola.fi\/blogi\/wp-json\/wp\/v2\/posts"}],"about":[{"href":"https:\/\/www.petrikarkkola.fi\/blogi\/wp-json\/wp\/v2\/types\/post"}],"author":[{"embeddable":true,"href":"https:\/\/www.petrikarkkola.fi\/blogi\/wp-json\/wp\/v2\/users\/1"}],"replies":[{"embeddable":true,"href":"https:\/\/www.petrikarkkola.fi\/blogi\/wp-json\/wp\/v2\/comments?post=868"}],"version-history":[{"count":1,"href":"https:\/\/www.petrikarkkola.fi\/blogi\/wp-json\/wp\/v2\/posts\/868\/revisions"}],"predecessor-version":[{"id":869,"href":"https:\/\/www.petrikarkkola.fi\/blogi\/wp-json\/wp\/v2\/posts\/868\/revisions\/869"}],"wp:attachment":[{"href":"https:\/\/www.petrikarkkola.fi\/blogi\/wp-json\/wp\/v2\/media?parent=868"}],"wp:term":[{"taxonomy":"category","embeddable":true,"href":"https:\/\/www.petrikarkkola.fi\/blogi\/wp-json\/wp\/v2\/categories?post=868"},{"taxonomy":"post_tag","embeddable":true,"href":"https:\/\/www.petrikarkkola.fi\/blogi\/wp-json\/wp\/v2\/tags?post=868"}],"curies":[{"name":"wp","href":"https:\/\/api.w.org\/{rel}","templated":true}]}}