{"id":884,"date":"2022-03-04T18:00:00","date_gmt":"2022-03-04T15:00:00","guid":{"rendered":"https:\/\/www.petrikarkkola.fi\/blogi\/?p=884"},"modified":"2021-09-05T17:03:47","modified_gmt":"2021-09-05T14:03:47","slug":"keltainen-kirjasto-203-valkoinen-kohina","status":"publish","type":"post","link":"https:\/\/www.petrikarkkola.fi\/blogi\/keltainen-kirjasto\/keltainen-kirjasto-203-valkoinen-kohina\/","title":{"rendered":"Keltainen kirjasto #203: Valkoinen kohina"},"content":{"rendered":"\n<p>Don DeLillo on uusi tuttavuus Keltaisessa kirjastossa. H\u00e4n ei ole minulle muutenkaan tuttu entuudestaan. T\u00e4llaista itselleen uutta kirjoittajaa l\u00e4hestyy usein hieman tarkkaavaisemmin kuin jo jollakin tavalla tuttuja. Millaisia tarinoita Don LeLillo kirjoittaa ja kuinka t\u00e4m\u00e4 romaani niit\u00e4 edustaa?<\/p>\n\n\n\n<p>Tutustuminen alkaa romaanista <em>Valkoinen kohina<\/em>, jossa on kolme toisistaan erottuvaa osaa. Ensimm\u00e4inen on &#8221;Aaltoja ja s\u00e4tely\u00e4&#8221;, ja tuntuu ettei siin\u00e4 ole varsinaisesti tarinaa vaan l\u00e4hinn\u00e4 liev\u00e4sti huvittavaa milj\u00f6\u00f6n rakentamista ja t\u00f6rm\u00e4ily\u00e4. Ensimm\u00e4inen osa kest\u00e4\u00e4 kuitenkin liian pitk\u00e4\u00e4n ollakseen vain tarinan elementtien esittely\u00e4 &#8211; varsinainen tarina ei oikein sivum\u00e4\u00e4r\u00e4st\u00e4 huolimatta etene.<\/p>\n\n\n\n<p>Toinen osa &#8221;Ilmassa liikkuva myrkkytapahtuma&#8221; vakavoittaa kerrontaa. Tarinan kannalta tapahtuu mielenkiintoinen ilmi\u00f6: toinen osa ottaa mukaansa ensimm\u00e4isen osan elementit, mutta k\u00e4ytt\u00e4\u00e4 niit\u00e4 l\u00e4ht\u00f6kohtien kanssa kovin erilaisen tarinan kertomiseen. Tapahtumissa on v\u00e4hemm\u00e4n komediaa ja enemm\u00e4n uhkaa myrkkypilven kulkiessa tapahtumapaikkojen yli ja p\u00e4\u00e4tyess\u00e4 kosketuksiin p\u00e4\u00e4henkil\u00f6n kanssa. Ei huumori kokonaan unohdu, mutta siin\u00e4kin on v\u00e4h\u00e4n eri s\u00e4vy kuin ensimm\u00e4isess\u00e4 osassa.<\/p>\n\n\n\n<p>Kolmas osa &#8221;Dylarama&#8221; ottaa taas aikaisemmat elementit ja punoo niist\u00e4 s\u00e4vylt\u00e4\u00e4n kolmannenlaista tarinaa. Myrkyt haihtuvat ilmasta mutta ep\u00e4toivo j\u00e4\u00e4 v\u00e4reilem\u00e4\u00e4n. Tarinaa tulee s\u00e4vytt\u00e4m\u00e4\u00e4n my\u00f6s p\u00e4\u00e4henkil\u00f6n puolison uskottomuus ja suorastaan tieteiskirjallinen l\u00e4\u00e4ke, joka poistaa kuolemanpelon.<\/p>\n\n\n\n<p><em>Valkoisen kohinan<\/em> tarina ei joka osassa ala ik\u00e4\u00e4n kuin alusta kuten vaikkapa <em>Jos talviy\u00f6n\u00e4 matkamies<\/em> -romaanissa. Jollakin tavalla se kuitenkin joka osan p\u00e4\u00e4tteeksi pys\u00e4htyy ja asettuu uudenlaiseen valaistukseen ennen kuin jatkuu taas. Valaistuksen vaihtuminen peitt\u00e4\u00e4 jotain ja paljastaa jotain tarinasta.<\/p>\n","protected":false},"excerpt":{"rendered":"<p>Don DeLillo on uusi tuttavuus Keltaisessa kirjastossa. H\u00e4n ei ole minulle muutenkaan tuttu entuudestaan. T\u00e4llaista itselleen uutta kirjoittajaa l\u00e4hestyy usein hieman tarkkaavaisemmin kuin jo jollakin tavalla tuttuja. Millaisia tarinoita Don LeLillo kirjoittaa ja kuinka t\u00e4m\u00e4 romaani niit\u00e4 edustaa? Tutustuminen alkaa &hellip; <a href=\"https:\/\/www.petrikarkkola.fi\/blogi\/keltainen-kirjasto\/keltainen-kirjasto-203-valkoinen-kohina\/\">Lue loppuun <span class=\"meta-nav\">&rarr;<\/span><\/a><\/p>\n","protected":false},"author":1,"featured_media":0,"comment_status":"open","ping_status":"open","sticky":false,"template":"","format":"standard","meta":{"footnotes":""},"categories":[4],"tags":[714,9,86,6,715],"class_list":["post-884","post","type-post","status-publish","format-standard","hentry","category-keltainen-kirjasto","tag-don-lelillo","tag-italo-calvino","tag-jos-talviyona-matkamies","tag-keltainen-kirjasto","tag-valkoinen-kohina"],"_links":{"self":[{"href":"https:\/\/www.petrikarkkola.fi\/blogi\/wp-json\/wp\/v2\/posts\/884","targetHints":{"allow":["GET"]}}],"collection":[{"href":"https:\/\/www.petrikarkkola.fi\/blogi\/wp-json\/wp\/v2\/posts"}],"about":[{"href":"https:\/\/www.petrikarkkola.fi\/blogi\/wp-json\/wp\/v2\/types\/post"}],"author":[{"embeddable":true,"href":"https:\/\/www.petrikarkkola.fi\/blogi\/wp-json\/wp\/v2\/users\/1"}],"replies":[{"embeddable":true,"href":"https:\/\/www.petrikarkkola.fi\/blogi\/wp-json\/wp\/v2\/comments?post=884"}],"version-history":[{"count":1,"href":"https:\/\/www.petrikarkkola.fi\/blogi\/wp-json\/wp\/v2\/posts\/884\/revisions"}],"predecessor-version":[{"id":885,"href":"https:\/\/www.petrikarkkola.fi\/blogi\/wp-json\/wp\/v2\/posts\/884\/revisions\/885"}],"wp:attachment":[{"href":"https:\/\/www.petrikarkkola.fi\/blogi\/wp-json\/wp\/v2\/media?parent=884"}],"wp:term":[{"taxonomy":"category","embeddable":true,"href":"https:\/\/www.petrikarkkola.fi\/blogi\/wp-json\/wp\/v2\/categories?post=884"},{"taxonomy":"post_tag","embeddable":true,"href":"https:\/\/www.petrikarkkola.fi\/blogi\/wp-json\/wp\/v2\/tags?post=884"}],"curies":[{"name":"wp","href":"https:\/\/api.w.org\/{rel}","templated":true}]}}