{"id":892,"date":"2022-03-11T18:00:00","date_gmt":"2022-03-11T15:00:00","guid":{"rendered":"https:\/\/www.petrikarkkola.fi\/blogi\/?p=892"},"modified":"2021-10-30T08:33:54","modified_gmt":"2021-10-30T05:33:54","slug":"keltainen-kirjasto-204-sankareista-ja-haudoista","status":"publish","type":"post","link":"https:\/\/www.petrikarkkola.fi\/blogi\/keltainen-kirjasto\/keltainen-kirjasto-204-sankareista-ja-haudoista\/","title":{"rendered":"Keltainen kirjasto #204: Sankareista ja haudoista"},"content":{"rendered":"\n<p>Onko teille koskaan k\u00e4ynyt niin, ett\u00e4 lukemastanne kirjasta j\u00e4\u00e4 mieleen l\u00e4hinn\u00e4 tunteiden intensiteetti? Minulle k\u00e4vi n\u00e4in Ernesto S\u00e1baton <em>Sankareista ja haudoista <\/em>-romaanin kanssa.<\/p>\n\n\n\n<p>En tarkoita sit\u00e4, ett\u00e4 tarinan lukeminen olisi ollut itselle huikea tunteiden vuoristorata. Kyse on siit\u00e4, ett\u00e4 en oikeastaan edes hahmottanut tarinaa, koska on kuin sanojen l\u00e4pi olisi vuotanut kirjan hahmojen kokema tunteiden kirjo.<\/p>\n\n\n\n<p>Kerrotaan sitten nuorten todenn\u00e4k\u00f6isesti tragediaan p\u00e4\u00e4ttyv\u00e4st\u00e4 rakkaustarinasta tai vainoharhaisena sokeiden mittavasta salaliitosta, saan eteeni vaikutelman siit\u00e4, kuinka juuri tuo asia on nyt maailman t\u00e4rkein ja kuinka henkil\u00f6iden kokemusmaailmaan ei voikaan mahtua mit\u00e4\u00e4n muuta.<\/p>\n\n\n\n<p>Oli tapahtumien &#8211; vaiko tunteiden &#8211; taustalla my\u00f6s sotaa ja taisteluja. Koska tunne kuitenkin vy\u00f6ryy samalla tavalla etualalle asiassa kuin asiassa, maailmaa ehk\u00e4 mullistavat tapahtumat n\u00e4ytt\u00e4ytyv\u00e4t samankokoisina yksil\u00f6\u00e4 mullistavien tapahtumien kanssa.<\/p>\n\n\n\n<p>Ja n\u00e4in saa totta kai olla. On vain mielenkiintoinen havainto, ett\u00e4 itselle ei oikein j\u00e4\u00e4 mieleen, kuinka romaanin tarinat liittyv\u00e4t toisiinsa tai edes itseens\u00e4, kun etualalla on tunne. Se ehk\u00e4 pakottaa minut nyt kirjoittamaan enemm\u00e4n min\u00e4-muodossa kuin yleens\u00e4.<\/p>\n\n\n\n<p>Otetaan n\u00e4yteeksi satunnaisesti valittu kohta eli romaanin toisen osan koko luku 11:<\/p>\n\n\n\n<blockquote class=\"wp-block-quote is-layout-flow wp-block-quote-is-layout-flow\"><p>Mart\u00edn ja Tito erosiva toisistaan baarin ulkopuolella, ja Mart\u00edn l\u00e4hti k\u00e4velem\u00e4\u00e4n kohti puistoa. H\u00e4n nousi yl\u00f6s muinaisen maakartanon portaat, tunsi j\u00e4lleen voimakkaan, kuivan virtsanhajun jonka h\u00e4n tunsi aina kulkiessaan tuon paikan ohi ja isuutui penkille vastap\u00e4\u00e4t\u00e4 patsasta, paikkaan jonne h\u00e4n palasi aina kun h\u00e4nen rakkautensa tuntui olevan kriisiss\u00e4. Pitk\u00e4n aikaa h\u00e4n mietiskeli kohtaloaan ja kidutti itse\u00e4\u00e4n ajattelemalla, ett\u00e4 Alejandra oli jonkun toisen kanssa. H\u00e4n nojautui taaksep\u00e4in ja vaipui ajatuksiinsa.<\/p><cite>(suom. Sanna Pernu)<\/cite><\/blockquote>\n\n\n\n<p><\/p>\n","protected":false},"excerpt":{"rendered":"<p>Onko teille koskaan k\u00e4ynyt niin, ett\u00e4 lukemastanne kirjasta j\u00e4\u00e4 mieleen l\u00e4hinn\u00e4 tunteiden intensiteetti? Minulle k\u00e4vi n\u00e4in Ernesto S\u00e1baton Sankareista ja haudoista -romaanin kanssa. En tarkoita sit\u00e4, ett\u00e4 tarinan lukeminen olisi ollut itselle huikea tunteiden vuoristorata. Kyse on siit\u00e4, ett\u00e4 en &hellip; <a href=\"https:\/\/www.petrikarkkola.fi\/blogi\/keltainen-kirjasto\/keltainen-kirjasto-204-sankareista-ja-haudoista\/\">Lue loppuun <span class=\"meta-nav\">&rarr;<\/span><\/a><\/p>\n","protected":false},"author":1,"featured_media":0,"comment_status":"open","ping_status":"open","sticky":false,"template":"","format":"standard","meta":{"footnotes":""},"categories":[4],"tags":[721,6,720],"class_list":["post-892","post","type-post","status-publish","format-standard","hentry","category-keltainen-kirjasto","tag-ernesto-sabaton","tag-keltainen-kirjasto","tag-sankareista-ja-haudoista"],"_links":{"self":[{"href":"https:\/\/www.petrikarkkola.fi\/blogi\/wp-json\/wp\/v2\/posts\/892","targetHints":{"allow":["GET"]}}],"collection":[{"href":"https:\/\/www.petrikarkkola.fi\/blogi\/wp-json\/wp\/v2\/posts"}],"about":[{"href":"https:\/\/www.petrikarkkola.fi\/blogi\/wp-json\/wp\/v2\/types\/post"}],"author":[{"embeddable":true,"href":"https:\/\/www.petrikarkkola.fi\/blogi\/wp-json\/wp\/v2\/users\/1"}],"replies":[{"embeddable":true,"href":"https:\/\/www.petrikarkkola.fi\/blogi\/wp-json\/wp\/v2\/comments?post=892"}],"version-history":[{"count":1,"href":"https:\/\/www.petrikarkkola.fi\/blogi\/wp-json\/wp\/v2\/posts\/892\/revisions"}],"predecessor-version":[{"id":893,"href":"https:\/\/www.petrikarkkola.fi\/blogi\/wp-json\/wp\/v2\/posts\/892\/revisions\/893"}],"wp:attachment":[{"href":"https:\/\/www.petrikarkkola.fi\/blogi\/wp-json\/wp\/v2\/media?parent=892"}],"wp:term":[{"taxonomy":"category","embeddable":true,"href":"https:\/\/www.petrikarkkola.fi\/blogi\/wp-json\/wp\/v2\/categories?post=892"},{"taxonomy":"post_tag","embeddable":true,"href":"https:\/\/www.petrikarkkola.fi\/blogi\/wp-json\/wp\/v2\/tags?post=892"}],"curies":[{"name":"wp","href":"https:\/\/api.w.org\/{rel}","templated":true}]}}