{"id":264,"count":1,"description":"","link":"https:\/\/www.petrikarkkola.fi\/blogi\/tag\/jaahyvaiset-aseille\/","name":"J\u00e4\u00e4hyv\u00e4iset aseille","slug":"jaahyvaiset-aseille","taxonomy":"post_tag","meta":[],"_links":{"self":[{"href":"https:\/\/www.petrikarkkola.fi\/blogi\/wp-json\/wp\/v2\/tags\/264","targetHints":{"allow":["GET"]}}],"collection":[{"href":"https:\/\/www.petrikarkkola.fi\/blogi\/wp-json\/wp\/v2\/tags"}],"about":[{"href":"https:\/\/www.petrikarkkola.fi\/blogi\/wp-json\/wp\/v2\/taxonomies\/post_tag"}],"wp:post_type":[{"href":"https:\/\/www.petrikarkkola.fi\/blogi\/wp-json\/wp\/v2\/posts?tags=264"}],"curies":[{"name":"wp","href":"https:\/\/api.w.org\/{rel}","templated":true}]}}